{"id":1462,"date":"2011-04-13T17:51:41","date_gmt":"2011-04-13T15:51:41","guid":{"rendered":"http:\/\/empreintesdigitales.wordpress.com\/?p=1462"},"modified":"2012-07-05T22:42:57","modified_gmt":"2012-07-05T20:42:57","slug":"video-jacques-lacan-la-psychanalyse-reinventee","status":"publish","type":"post","link":"https:\/\/disparates.org\/lun\/2011\/04\/video-jacques-lacan-la-psychanalyse-reinventee\/","title":{"rendered":"Vid\u00e9o &#8211; Jacques Lacan, la psychanalyse r\u00e9invent\u00e9e"},"content":{"rendered":"<span class=\"embed-youtube\" style=\"text-align:center; display: block;\"><iframe class='youtube-player' width='584' height='329' src='https:\/\/www.youtube.com\/embed\/ahuNN96G7jM?version=3&#038;rel=1&#038;showsearch=0&#038;showinfo=1&#038;iv_load_policy=1&#038;fs=1&#038;hl=fr-FR&#038;autohide=2&#038;wmode=transparent' allowfullscreen='true' style='border:0;' sandbox='allow-scripts allow-same-origin allow-popups allow-presentation'><\/iframe><\/span>\n","protected":false},"excerpt":{"rendered":"","protected":false},"author":1,"featured_media":0,"comment_status":"open","ping_status":"closed","sticky":false,"template":"","format":"aside","meta":{"spay_email":"","jetpack_publicize_message":"","jetpack_is_tweetstorm":false},"categories":[6,236],"tags":[],"jetpack_featured_media_url":"","jetpack_publicize_connections":[],"jetpack_shortlink":"https:\/\/wp.me\/p2zPSJ-nA","jetpack_sharing_enabled":true,"jetpack-related-posts":[{"id":194,"url":"https:\/\/disparates.org\/lun\/2011\/02\/note\/","url_meta":{"origin":1462,"position":0},"title":"Lacan, l'\u00c9tourdit, Extrait - la \"r\u00e9f\u00e9rence\"","date":"10 f\u00e9vrier 2011","format":"aside","excerpt":"[ Compl\u00e9ment de lecture du\u00a0 cours de jacques-alain miller du 2 f\u00e9vrier 2011] bon, j'ai \u00e9clairci cet extrait du cours de jam du texte exact de lacan, que j'ai un peu honte d'avouer n'avoir lu qu'hier, c'\u00e9tait n\u00e9cessaire... (la \"r\u00e9f\u00e9rence\" de l'\u00c9tourdit) \"Ce d\u00e9veloppement est \u00e0 prendre comme la r\u00e9f\u00e9rence\u2026","rel":"","context":"Dans &quot;Compl\u00e9ments de lecture&quot;","img":{"alt_text":"","src":"","width":0,"height":0},"classes":[]},{"id":2317,"url":"https:\/\/disparates.org\/lun\/2011\/08\/les-propheties-de-lacan-par-jacques-alain-miller\/","url_meta":{"origin":1462,"position":1},"title":"Les proph\u00e9ties de Lacan, par Jacques-Alain Miller","date":"18 ao\u00fbt 2011","format":"aside","excerpt":"Article paru dans Le Point du 18 ao\u00fbt 2011. Propos recueillis par Christophe Labb\u00e9 et Olivia Recasens \u00c9clairant. Ce que Lacan aurait dit sur notre \u00e9poque, par son gendre et l\u00e9gataire intellectuel, le psychanalyste Jacques-Alain Miller.","rel":"","context":"Dans &quot;Compl\u00e9ments de lecture&quot;","img":{"alt_text":"","src":"","width":0,"height":0},"classes":[]},{"id":2959,"url":"https:\/\/disparates.org\/lun\/2020\/02\/lun-tout-seul-lorientation-lacanienne-2010-2011-editions-de-la-martiniere-avril-2018\/","url_meta":{"origin":1462,"position":2},"title":"L'un-tout-seul, \u00c9ditions de La Martini\u00e8re, avril 2018","date":"27 f\u00e9vrier 2020","format":"aside","excerpt":"Ce livre donne les clefs de ce qu'il est convenu d'appeler le dernier enseignement de Lacan, qui d\u00e9routa tellement ses contemporains. Jacques-Alain Miller montre combien ce Lacan l\u00e0 annon\u00e7ait nos hypermodernes soci\u00e9t\u00e9s de plaisir. Si le Lacan classique (1950-1970) met en avant l'ordre symbolique, la sexualit\u00e9, l'amour et le d\u00e9sir,\u2026","rel":"","context":"Dans &quot;Compl\u00e9ments de lecture&quot;","img":{"alt_text":"","src":"","width":0,"height":0},"classes":[]},{"id":2099,"url":"https:\/\/disparates.org\/lun\/2011\/06\/jam-15-juin\/","url_meta":{"origin":1462,"position":3},"title":"XV. post-scriptum \/ les usages lacaniens de l'ontologie - 15 juin 2011","date":"15 juin 2011","format":false,"excerpt":"Comme je vous l\u2019ai indiqu\u00e9 la derni\u00e8re fois, le cours que je vous ai dispens\u00e9 cette ann\u00e9e est en fait boucl\u00e9. Il a trouv\u00e9 son point de capiton, non pas ici mais \u00e0 Montpellier, lors d'une journ\u00e9e d\u2019\u00e9tude qui \u00e9tait consacr\u00e9e au Livre 23 du S\u00e9minaire Le Sinthome. Vous aurez\u2026","rel":"","context":"Dans &quot;L'\u00eatre et l'Un&quot;","img":{"alt_text":"Debout de gauche \u00e0 droite: J. Lacan, C\u00e9cile Eluard, P. Reverdy, Louise Leiris, Picasso, Zanie de Campan, Valentine Hugo, Simone de Beauvoir, Brassa\u00ef. Assis de gauche \u00e0 droite: Sartre, Camus, Michel Leiris, Jean Aubier.","src":"https:\/\/i2.wp.com\/disparates.org\/lun\/wp-content\/uploads\/2011\/07\/sartre_camus_reverdy_lacan_picasso_brassai_max.jpg?resize=350%2C200&ssl=1","width":350,"height":200},"classes":[]},{"id":1619,"url":"https:\/\/disparates.org\/lun\/2011\/05\/lexistence-soit-ce-dont-seul-le-dire-est-temoin\/","url_meta":{"origin":1462,"position":4},"title":"\"l\u2019existence, soit ce dont seul le dire est t\u00e9moin\"","date":"17 mai 2011","format":"aside","excerpt":"Ceci, en compl\u00e9ment cours du 11 mai (un regard en arri\u00e8re) \"Lacan est m\u00eame all\u00e9 jusqu\u2019\u00e0 sugg\u00e9rer que c\u2019\u00e9tait la religion qui projetait sur la jouissance un interdit que Freud avait ent\u00e9rin\u00e9. Il allait aussi jusqu\u2019\u00e0 penser que la philosophie avait paniqu\u00e9 devant cette jouissance, et que paniquant devant cette\u2026","rel":"","context":"Dans &quot;Compl\u00e9ments de lecture&quot;","img":{"alt_text":"","src":"","width":0,"height":0},"classes":[]},{"id":93,"url":"https:\/\/disparates.org\/lun\/2011\/02\/lacan-seminaire-ix-extrait-le-point-detranglement-28-fevrier-1962\/","url_meta":{"origin":1462,"position":5},"title":"Lacan, S\u00e9minaire IX, 28 f\u00e9vrier 1962, extrait 2 - le point d'\u00e9tranglement","date":"7 f\u00e9vrier 2011","format":"aside","excerpt":"[ Compl\u00e9ment de lecture du\u00a0 cours de jacques-alain miller du 2 f\u00e9vrier 2011] Aussi bien, m\u00eame avec cette affirmation que rien n'est f\u00e9cond sinon le jugement synth\u00e9tique, peut-il encore apr\u00e8s tout l'effort de logicisation de la math\u00e9matique, \u00eatre consid\u00e9r\u00e9 comme sujet \u00e0 raison. La pr\u00e9tendue inf\u00e9condit\u00e9 du jugement analytique a\u2026","rel":"","context":"Dans &quot;Compl\u00e9ments de lecture&quot;","img":{"alt_text":"","src":"","width":0,"height":0},"classes":[]}],"_links":{"self":[{"href":"https:\/\/disparates.org\/lun\/wp-json\/wp\/v2\/posts\/1462"}],"collection":[{"href":"https:\/\/disparates.org\/lun\/wp-json\/wp\/v2\/posts"}],"about":[{"href":"https:\/\/disparates.org\/lun\/wp-json\/wp\/v2\/types\/post"}],"author":[{"embeddable":true,"href":"https:\/\/disparates.org\/lun\/wp-json\/wp\/v2\/users\/1"}],"replies":[{"embeddable":true,"href":"https:\/\/disparates.org\/lun\/wp-json\/wp\/v2\/comments?post=1462"}],"version-history":[{"count":0,"href":"https:\/\/disparates.org\/lun\/wp-json\/wp\/v2\/posts\/1462\/revisions"}],"wp:attachment":[{"href":"https:\/\/disparates.org\/lun\/wp-json\/wp\/v2\/media?parent=1462"}],"wp:term":[{"taxonomy":"category","embeddable":true,"href":"https:\/\/disparates.org\/lun\/wp-json\/wp\/v2\/categories?post=1462"},{"taxonomy":"post_tag","embeddable":true,"href":"https:\/\/disparates.org\/lun\/wp-json\/wp\/v2\/tags?post=1462"}],"curies":[{"name":"wp","href":"https:\/\/api.w.org\/{rel}","templated":true}]}}