{"id":194,"date":"2011-02-10T12:41:24","date_gmt":"2011-02-10T10:41:24","guid":{"rendered":"http:\/\/empreintesdigitales.wordpress.com\/?p=194"},"modified":"2012-07-05T22:42:04","modified_gmt":"2012-07-05T20:42:04","slug":"note","status":"publish","type":"post","link":"https:\/\/disparates.org\/lun\/2011\/02\/note\/","title":{"rendered":"Lacan, l&rsquo;\u00c9tourdit, Extrait &#8211; la \u00ab\u00a0r\u00e9f\u00e9rence\u00a0\u00bb"},"content":{"rendered":"<p>[ Compl\u00e9ment de lecture du\u00a0<a title=\"3\u00b0 cours de jacques-alain miller  \u2013 2 f\u00e9vrier 2011 \/\/ L\u2019exp\u00e9rience analytique et ses effets\" href=\"https:\/\/disparates.org\/lun\/2011\/02\/cours-de-jacques-alain-miller-du-2-fevrier-2011\/\"> cours de jacques-alain miller du 2 f\u00e9vrier 2011]<\/a><\/p>\n<p>bon,<a title=\"3\u00b0 cours de jacques-alain miller  \u2013 2 f\u00e9vrier 2011 \/\/ L\u2019exp\u00e9rience analytique et ses effets\" href=\"https:\/\/disparates.org\/lun\/2011\/02\/cours-de-jacques-alain-miller-du-2-fevrier-2011\/\"> j&rsquo;ai \u00e9clairci cet extrait du cours de jam du <strong>texte exact de lacan<\/strong><\/a>, que j&rsquo;ai un peu honte d&rsquo;avouer n&rsquo;avoir lu qu&rsquo;hier, c&rsquo;\u00e9tait n\u00e9cessaire&#8230; (la \u00ab\u00a0r\u00e9f\u00e9rence\u00a0\u00bb de l&rsquo;\u00c9tourdit)<\/p>\n<blockquote><p>\u00ab\u00a0Ce d\u00e9veloppement est \u00e0 prendre comme la r\u00e9f\u00e9rence &#8211; expresse, je veux dire d\u00e9j\u00e0 articul\u00e9e &#8211; de mon discours o\u00f9 j&rsquo;en suis : contribuant au discours analytique.<\/p>\n<p>R\u00e9f\u00e9rence qui n&rsquo;est en rien m\u00e9taphorique. Je dirais : c&rsquo;est de l&rsquo;\u00e9toffe qu&rsquo;il s&rsquo;agit, de l&rsquo;\u00e9toffe de ce discours, &#8211; si justement ce n&rsquo;\u00e9tait pas dans la m\u00e9taphore tomber l\u00e0.<\/p>\n<p>Pour le dire, j&rsquo;y suis tomb\u00e9 ; c&rsquo;est d\u00e9j\u00e0 fait, non de l&rsquo;usage du terme \u00e0 l&rsquo;instant r\u00e9pudi\u00e9, mais d&rsquo;avoir, pour me faire entendre d&rsquo;\u00e0 qui je m&rsquo;adresse, fait-image, tout au long de mon expos\u00e9 topologique.<\/p>\n<p>Qu&rsquo;on sache qu&rsquo;il \u00e9tait faisable d&rsquo;une pure alg\u00e8bre litt\u00e9rale, d&rsquo;un recours au vecteurs dont d&rsquo;ordinaire se d\u00e9veloppe de bout en bout cette topologie.<\/p>\n<p>La topologie, n&rsquo;est-ce pas ce n&rsquo;<em>espace <\/em>o\u00f9 nous am\u00e8ne le discours math\u00e9matique et qui n\u00e9cessite r\u00e9vision de l&rsquo;esth\u00e9tique de Kant?\u00a0\u00bb<\/p>\n<p>Jacques Lacan, <em>Autres \u00c9crits<\/em>, \u00ab\u00a0L&rsquo;\u00c9tourdit\u00a0\u00bb, p. 471, 472<\/p><\/blockquote>\n","protected":false},"excerpt":{"rendered":"<p>[ Compl\u00e9ment de lecture du\u00a0 cours de jacques-alain miller du 2 f\u00e9vrier 2011] bon, j&rsquo;ai \u00e9clairci cet extrait du cours de jam du texte exact de lacan, que j&rsquo;ai un peu honte d&rsquo;avouer n&rsquo;avoir lu qu&rsquo;hier, c&rsquo;\u00e9tait n\u00e9cessaire&#8230; (la \u00ab\u00a0r\u00e9f\u00e9rence\u00a0\u00bb &hellip; <a href=\"https:\/\/disparates.org\/lun\/2011\/02\/note\/\">Continuer la lecture <span class=\"meta-nav\">&rarr;<\/span><\/a><\/p>\n","protected":false},"author":1,"featured_media":0,"comment_status":"open","ping_status":"open","sticky":false,"template":"","format":"aside","meta":{"spay_email":"","jetpack_publicize_message":"note, la \"r\u00e9f\u00e9rence\" de l'Etourdit...","jetpack_is_tweetstorm":false},"categories":[6,236],"tags":[],"jetpack_featured_media_url":"","jetpack_publicize_connections":[],"jetpack_shortlink":"https:\/\/wp.me\/s2zPSJ-note","jetpack_sharing_enabled":true,"jetpack-related-posts":[{"id":874,"url":"https:\/\/disparates.org\/lun\/2011\/03\/encore-p-85-86\/","url_meta":{"origin":194,"position":0},"title":"Lacan, Encore, \"Le savoir et la v\u00e9rit\u00e9\" (10 avril 1973), Extrait, p. 85, 86","date":"11 mars 2011","format":"aside","excerpt":"Cet extrait de Encore vient ici en compl\u00e9ment de mes notes du 6\u00b0 cours de Miller , \"quand Lacan baisse les bras s'agissant de l'objet a\" : \"Autre chose encore nous ligote quant \u00e0 ce qu'il en est de la v\u00e9rit\u00e9, c'est que la jouissance est une limite. Cela tient\u2026","rel":"","context":"Dans &quot;Compl\u00e9ments de lecture&quot;","img":{"alt_text":"","src":"","width":0,"height":0},"classes":[]},{"id":702,"url":"https:\/\/disparates.org\/lun\/2011\/02\/cours-de-jacques-alain-miller-du-2-fevrier-2011\/","url_meta":{"origin":194,"position":1},"title":"III. L'exp\u00e9rience analytique et ses effets  - 2 f\u00e9vrier 2011","date":"7 f\u00e9vrier 2011","format":false,"excerpt":"PARTIE I \/ cure - exp\u00e9rience \/ gu\u00e9rison - formation \/ fantasme-\u00e9cran - fantasme-fen\u00eatre --- PARTIE II \/ Des effets \u00e9pist\u00e9miques de la travers\u00e9e et au-del\u00e0 --- PARTIE III \/ Les amphibologies du r\u00e9el --- PARTIE IV \/ Le sch\u00e8me et le fantasme","rel":"","context":"Dans &quot;L'\u00eatre et l'Un&quot;","img":{"alt_text":"","src":"","width":0,"height":0},"classes":[]},{"id":937,"url":"https:\/\/disparates.org\/lun\/2011\/03\/jacques-alain-miller-notes-du-cours-du-16-mars-2011-partie-i-alors-faut-que-jvous-prenne-par-la-main\/","url_meta":{"origin":194,"position":2},"title":"VII. L'existentialisme de Lacan est un logicisme \/\/","date":"16 mars 2011","format":false,"excerpt":"Bon. Aujourd'hui on va s'amuser. Il s'agit, pour moi de vous faire comprendre quelque chose, comprendre l\u00e0 o\u00f9 on prend plaisir. Moi, \u00e7a m'amuse. J'esp\u00e8re qu'il en sera de m\u00eame pour vous. \u00c7a ne va de soi, parce que cette ann\u00e9e plusieurs me font part du fait\u00a0 qu'ils ne sont\u2026","rel":"","context":"Dans &quot;L'\u00eatre et l'Un&quot;","img":{"alt_text":"","src":"https:\/\/i1.wp.com\/disparates.org\/lun\/wp-content\/uploads\/2011\/05\/mas_dazil01.jpg?resize=350%2C200&ssl=1","width":350,"height":200},"classes":[]},{"id":2099,"url":"https:\/\/disparates.org\/lun\/2011\/06\/jam-15-juin\/","url_meta":{"origin":194,"position":3},"title":"XV. post-scriptum \/ les usages lacaniens de l'ontologie - 15 juin 2011","date":"15 juin 2011","format":false,"excerpt":"Comme je vous l\u2019ai indiqu\u00e9 la derni\u00e8re fois, le cours que je vous ai dispens\u00e9 cette ann\u00e9e est en fait boucl\u00e9. Il a trouv\u00e9 son point de capiton, non pas ici mais \u00e0 Montpellier, lors d'une journ\u00e9e d\u2019\u00e9tude qui \u00e9tait consacr\u00e9e au Livre 23 du S\u00e9minaire Le Sinthome. Vous aurez\u2026","rel":"","context":"Dans &quot;L'\u00eatre et l'Un&quot;","img":{"alt_text":"Debout de gauche \u00e0 droite: J. Lacan, C\u00e9cile Eluard, P. Reverdy, Louise Leiris, Picasso, Zanie de Campan, Valentine Hugo, Simone de Beauvoir, Brassa\u00ef. Assis de gauche \u00e0 droite: Sartre, Camus, Michel Leiris, Jean Aubier.","src":"https:\/\/i2.wp.com\/disparates.org\/lun\/wp-content\/uploads\/2011\/07\/sartre_camus_reverdy_lacan_picasso_brassai_max.jpg?resize=350%2C200&ssl=1","width":350,"height":200},"classes":[]},{"id":2463,"url":"https:\/\/disparates.org\/lun\/2011\/01\/jam-19-1-2011-lenseigneur-lacan\/","url_meta":{"origin":194,"position":4},"title":"I. L'enseigneur, son traducteur et le vide central -  19 janvier","date":"19 janvier 2011","format":false,"excerpt":"Apr\u00e8s \"Vie de Lacan\" l'ann\u00e9e derni\u00e8re, ce cours s'intitulera-t-il \"\u0152uvre de Lacan\"? Mais y a-t-il l\u2019\u0153uvre de Lacan ? S'il y a un mot ni prononc\u00e9 ni \u00e9crit par Lacan pour d\u00e9signer son travail, c'est bien celui d\u2019\u0153uvre. Plut\u00f4t s'est-il attach\u00e9 \u00e0 ne jamais pr\u00e9senter ce qu'il donnait au public\u2026","rel":"","context":"Dans &quot;L'\u00eatre et l'Un&quot;","img":{"alt_text":"","src":"https:\/\/i1.wp.com\/disparates.org\/lun\/wp-content\/uploads\/2011\/09\/lacan-500.jpg?resize=350%2C200&ssl=1","width":350,"height":200},"classes":[]},{"id":93,"url":"https:\/\/disparates.org\/lun\/2011\/02\/lacan-seminaire-ix-extrait-le-point-detranglement-28-fevrier-1962\/","url_meta":{"origin":194,"position":5},"title":"Lacan, S\u00e9minaire IX, 28 f\u00e9vrier 1962, extrait 2 - le point d'\u00e9tranglement","date":"7 f\u00e9vrier 2011","format":"aside","excerpt":"[ Compl\u00e9ment de lecture du\u00a0 cours de jacques-alain miller du 2 f\u00e9vrier 2011] Aussi bien, m\u00eame avec cette affirmation que rien n'est f\u00e9cond sinon le jugement synth\u00e9tique, peut-il encore apr\u00e8s tout l'effort de logicisation de la math\u00e9matique, \u00eatre consid\u00e9r\u00e9 comme sujet \u00e0 raison. La pr\u00e9tendue inf\u00e9condit\u00e9 du jugement analytique a\u2026","rel":"","context":"Dans &quot;Compl\u00e9ments de lecture&quot;","img":{"alt_text":"","src":"","width":0,"height":0},"classes":[]}],"_links":{"self":[{"href":"https:\/\/disparates.org\/lun\/wp-json\/wp\/v2\/posts\/194"}],"collection":[{"href":"https:\/\/disparates.org\/lun\/wp-json\/wp\/v2\/posts"}],"about":[{"href":"https:\/\/disparates.org\/lun\/wp-json\/wp\/v2\/types\/post"}],"author":[{"embeddable":true,"href":"https:\/\/disparates.org\/lun\/wp-json\/wp\/v2\/users\/1"}],"replies":[{"embeddable":true,"href":"https:\/\/disparates.org\/lun\/wp-json\/wp\/v2\/comments?post=194"}],"version-history":[{"count":0,"href":"https:\/\/disparates.org\/lun\/wp-json\/wp\/v2\/posts\/194\/revisions"}],"wp:attachment":[{"href":"https:\/\/disparates.org\/lun\/wp-json\/wp\/v2\/media?parent=194"}],"wp:term":[{"taxonomy":"category","embeddable":true,"href":"https:\/\/disparates.org\/lun\/wp-json\/wp\/v2\/categories?post=194"},{"taxonomy":"post_tag","embeddable":true,"href":"https:\/\/disparates.org\/lun\/wp-json\/wp\/v2\/tags?post=194"}],"curies":[{"name":"wp","href":"https:\/\/api.w.org\/{rel}","templated":true}]}}