{"id":291,"date":"2011-02-12T13:17:56","date_gmt":"2011-02-12T12:17:56","guid":{"rendered":"http:\/\/empreintesdigitales.wordpress.com\/?p=291"},"modified":"2011-02-12T13:17:56","modified_gmt":"2011-02-12T12:17:56","slug":"freud-analyse-finie-et-infinie-penisneid-et-strauben","status":"publish","type":"post","link":"https:\/\/disparates.org\/lun\/2011\/02\/freud-analyse-finie-et-infinie-penisneid-et-strauben\/","title":{"rendered":"Freud, Analyse finie et infinie, Extrait &#8211;  der Penisneid et das Str\u00e4uben"},"content":{"rendered":"<p>[compl\u00e9ment de lecture du <a title=\"4\u00b0 cours de jacques-alain miller \u2013 9 f\u00e9vrier\u00a02011\" href=\"..\/2011\/02\/13\/cours-de-jacques-alain-miller-du-9-fevrier-2011\/\">cours 4 &#8211; 9.2.2011<\/a>]<\/p>\n<blockquote><p>Dans les analyses th\u00e9rapeutiques, tout comme dans les analyses de caract\u00e8re, on est amen\u00e9 \u00e0 remarquer le fait que deux th\u00e8mes se distinguent particuli\u00e8rement et donnent singuli\u00e8rement de mal \u00e0 l&rsquo;analyste. La loi qui s&rsquo;exprime ici ne saurait \u00eatre longtemps m\u00e9connue. Les deux th\u00e8mes sont li\u00e9s \u00e0 la diff\u00e9rence des sexes; l&rsquo;un est tout aussi caract\u00e9ristique de l&rsquo;homme que l&rsquo;autre de la femme. Malgr\u00e9 la diff\u00e9rence du contenu il y a l\u00e0 des correspondances \u00e9videntes. Quelque chose qui est commun aux deux sexes a \u00e9t\u00e9 forc\u00e9, par la diff\u00e9rence des sexes, \u00e0 se mouler dans l&rsquo;une et l&rsquo;autre formes d&rsquo;expression.<\/p>\n<p>Les deux th\u00e8mes en correspondance mutuelle sont pour la femme l&rsquo;envie du p\u00e9nis &#8211; l&rsquo;aspiration positive \u00e0 la possession d&rsquo;un organe g\u00e9nital masculin &#8211; , pour l&rsquo;homme \u00e0 la r\u00e9bellion contre sa position passive ou f\u00e9minine envers un autre homme.<\/p>\n<p>S. Freud, <em>R\u00e9sultats, id\u00e9es, probl\u00e8mes II<\/em>, \u00ab\u00a0L&rsquo;analyse avec fin et l&rsquo;analyse sans fin\u00a0\u00bb, PUF, p. 265, 266<\/p>\n<p>In therapeutischen ebenso wie in Charakteranalysen wird man auf die Tatsache aufmerksam, da\u00df zwei Themen sich besonders hervortun und dem Analytiker ungew\u00f6hnlich viel zu schaffen machen. Man kann das Gesetzm\u00e4\u00dfige, das sich darin \u00e4u\u00dfert, nicht lange verkennen. Die beiden Themen sind an die Differenz der Geschlechter gebunden; das eine ist ebenso charakteristisch f\u00fcr den Mann wie das andere f\u00fcrdas Weib.<\/p>\n<p>Trotz der Verschiedenheit des Inhalts sind es offenbare Entsprechungen. Etwas, das beiden Geschlechtern gemeinsam ist, ist durch den Geschlechtsunterschied in eine andere Ausdrucksform gepre\u00dft worden. Die beiden einander entsprechenden Themen sind f\u00fcr das Weib <strong>der Penisneid<\/strong> \u2013 das positive Streben nach dem Besitz eines m\u00e4nnlichen Genitales \u2013, f\u00fcr den Mann <strong>das Str\u00e4uben<\/strong> gegen seine passive oder feminine Einstellung zum anderen Mann.<\/p>\n<p>S. Freud, Gesammelte Werke 16, <a href=\"http:\/\/www.filestube.com\/2WSdWqepSM4t7cSQWUvIPA\/Freud-Sigmund-analyse-endliche-und-unendliche-Gesammelte-Werke-1.html\" target=\"_blank\" class=\"broken_link\">Die endliche und die unendliche Analyse<\/a><\/p><\/blockquote>\n","protected":false},"excerpt":{"rendered":"<p>[compl\u00e9ment de lecture du cours 4 &#8211; 9.2.2011] Dans les analyses th\u00e9rapeutiques, tout comme dans les analyses de caract\u00e8re, on est amen\u00e9 \u00e0 remarquer le fait que deux th\u00e8mes se distinguent particuli\u00e8rement et donnent singuli\u00e8rement de mal \u00e0 l&rsquo;analyste. La &hellip; <a href=\"https:\/\/disparates.org\/lun\/2011\/02\/freud-analyse-finie-et-infinie-penisneid-et-strauben\/\">Continuer la lecture <span class=\"meta-nav\">&rarr;<\/span><\/a><\/p>\n","protected":false},"author":1,"featured_media":0,"comment_status":"open","ping_status":"open","sticky":false,"template":"","format":"aside","meta":{"spay_email":"","jetpack_publicize_message":"","jetpack_is_tweetstorm":false},"categories":[6],"tags":[142,183],"jetpack_featured_media_url":"","jetpack_publicize_connections":[],"jetpack_shortlink":"https:\/\/wp.me\/p2zPSJ-4H","jetpack_sharing_enabled":true,"jetpack-related-posts":[{"id":289,"url":"https:\/\/disparates.org\/lun\/2011\/02\/ce-terme-sich-strauben-est-souvent-utilise-par-freud-precisons-le-strauben-signifie-herisser-dresser-cheveux\/","url_meta":{"origin":291,"position":0},"title":"Ce terme \"sich str\u00e4uben\" est souvent utilis\u00e9 par Freud. Pr\u00e9cisons-le.","date":"12 f\u00e9vrier 2011","format":"aside","excerpt":"[compl\u00e9ment de lecture du cours 4 - 9.2.2011] Ce terme sich str\u00e4uben est souvent utilis\u00e9 par Freud. Pr\u00e9cisons-le. Str\u00e4uben signifie \" h\u00e9risser\", \"dresser \" (cheveux). Ainsi on trouve l\u2019expression\u00a0 haarstr\u00e4ubende Geschichte, histoire effrayante, histoire \u00e0 faire dresser les cheveux sur la t\u00eate. Sich str\u00e4uben signifie \"se h\u00e9risser\",\"se dresser\" et sich\u2026","rel":"","context":"Dans &quot;Compl\u00e9ments de lecture&quot;","img":{"alt_text":"","src":"","width":0,"height":0},"classes":[]},{"id":2317,"url":"https:\/\/disparates.org\/lun\/2011\/08\/les-propheties-de-lacan-par-jacques-alain-miller\/","url_meta":{"origin":291,"position":1},"title":"Les proph\u00e9ties de Lacan, par Jacques-Alain Miller","date":"18 ao\u00fbt 2011","format":"aside","excerpt":"Article paru dans Le Point du 18 ao\u00fbt 2011. Propos recueillis par Christophe Labb\u00e9 et Olivia Recasens \u00c9clairant. Ce que Lacan aurait dit sur notre \u00e9poque, par son gendre et l\u00e9gataire intellectuel, le psychanalyste Jacques-Alain Miller.","rel":"","context":"Dans &quot;Compl\u00e9ments de lecture&quot;","img":{"alt_text":"","src":"","width":0,"height":0},"classes":[]},{"id":690,"url":"https:\/\/disparates.org\/lun\/2011\/02\/cours-de-jacques-alain-miller-du-9-fevrier-2011\/","url_meta":{"origin":291,"position":2},"title":"IV. - 9 f\u00e9vrier 2011","date":"9 f\u00e9vrier 2011","format":false,"excerpt":"* PARTIE I \/ lire ce qui n\u2019est pas \u00e9crit, ce que l\u2019\u00e9crit \u00e9vite * PARTIE II \/ des dits-mensions (possibles) du fantasme * PARTIE III \/ de Saint Jean gratt\u00e9 au sinthome * PARTIE IV \/ Penisneid vs Str\u00e4uben, aspiration commune \u00e0 la virilit\u00e9, position de l\u2019analyste et aspiration\u2026","rel":"","context":"Dans &quot;L'\u00eatre et l'Un&quot;","img":{"alt_text":"","src":"https:\/\/i2.wp.com\/disparates.org\/lun\/wp-content\/uploads\/2011\/03\/leonard-de-vinci-saint-jean-baptiste.jpg?resize=350%2C200&ssl=1","width":350,"height":200},"classes":[]},{"id":114,"url":"https:\/\/disparates.org\/lun\/2011\/02\/le-scheme-kantien-selon-deleuze\/","url_meta":{"origin":291,"position":3},"title":"le sch\u00e8me kantien selon Deleuze","date":"8 f\u00e9vrier 2011","format":"aside","excerpt":"[ Compl\u00e9ment de lecture du\u00a0 cours de jacques-alain miller du 2 f\u00e9vrier 2011] Source : Sur le site Webdeleuze : DELEUZE \/ KANT - Cours \u00e0 Vincennes - 04\/04\/1978 [...] Le centre de tout ce que je voudrais dire aujourd'hui c'est exactement ceci : si on s'en tient \u00e0 la\u2026","rel":"","context":"Dans &quot;Compl\u00e9ments de lecture&quot;","img":{"alt_text":"","src":"","width":0,"height":0},"classes":[]},{"id":1511,"url":"https:\/\/disparates.org\/lun\/2011\/05\/jam-3-mai-2011\/","url_meta":{"origin":291,"position":4},"title":"XI . l'outrepasse - 3 mai","date":"5 mai 2011","format":false,"excerpt":"L\u2019\u00eatre et l\u2019existence, cela fait deux.Voil\u00e0 ce que j\u2019enseigne cette ann\u00e9e \u00e0 partir du dernier enseignement de Lacan. Cette bipartition, cette d\u00e9nivellation, est n\u00e9cessaire \u00e0 penser ce qui s\u2019impose de notre pratique et qui est l\u2019espace d\u2019un au-del\u00e0 de la passe, l\u2019outre-passe, dont nous sommes comme analystes appel\u00e9s \u00e0 r\u00e9pondre\u2026","rel":"","context":"Dans &quot;L'\u00eatre et l'Un&quot;","img":{"alt_text":"","src":"","width":0,"height":0},"classes":[]},{"id":1121,"url":"https:\/\/disparates.org\/lun\/2011\/03\/du-zero-au-septieme-million\/","url_meta":{"origin":291,"position":5},"title":"\u00ab Si je suis de la deuxi\u00e8me g\u00e9n\u00e9ration et mes parents (les survivants) de la premi\u00e8re, qu\u2019est-ce qu\u2019il y avait avant ?  \u00bb","date":"22 mars 2011","format":"aside","excerpt":"Sa question \u00e9tait celle d\u2019un traitement du r\u00e9el par le symbolique, une op\u00e9ration de Frege. \u00ab Du z\u00e9ro manque au z\u00e9ro nombre, se conceptualise le non-conceptualisable.\u00bb Le silence tenu jusque-l\u00e0 par cette analysante signait l\u2019\u00e9chec de la symbolisation du r\u00e9el de son histoire familiale \u2013 travail de symbolisation qui, avec\u2026","rel":"","context":"Dans &quot;Compl\u00e9ments de lecture&quot;","img":{"alt_text":"","src":"","width":0,"height":0},"classes":[]}],"_links":{"self":[{"href":"https:\/\/disparates.org\/lun\/wp-json\/wp\/v2\/posts\/291"}],"collection":[{"href":"https:\/\/disparates.org\/lun\/wp-json\/wp\/v2\/posts"}],"about":[{"href":"https:\/\/disparates.org\/lun\/wp-json\/wp\/v2\/types\/post"}],"author":[{"embeddable":true,"href":"https:\/\/disparates.org\/lun\/wp-json\/wp\/v2\/users\/1"}],"replies":[{"embeddable":true,"href":"https:\/\/disparates.org\/lun\/wp-json\/wp\/v2\/comments?post=291"}],"version-history":[{"count":0,"href":"https:\/\/disparates.org\/lun\/wp-json\/wp\/v2\/posts\/291\/revisions"}],"wp:attachment":[{"href":"https:\/\/disparates.org\/lun\/wp-json\/wp\/v2\/media?parent=291"}],"wp:term":[{"taxonomy":"category","embeddable":true,"href":"https:\/\/disparates.org\/lun\/wp-json\/wp\/v2\/categories?post=291"},{"taxonomy":"post_tag","embeddable":true,"href":"https:\/\/disparates.org\/lun\/wp-json\/wp\/v2\/tags?post=291"}],"curies":[{"name":"wp","href":"https:\/\/api.w.org\/{rel}","templated":true}]}}