{"id":2959,"date":"2020-02-27T18:53:35","date_gmt":"2020-02-27T16:53:35","guid":{"rendered":"https:\/\/disparates.org\/lun\/?p=2959"},"modified":"2021-06-13T17:12:38","modified_gmt":"2021-06-13T15:12:38","slug":"lun-tout-seul-lorientation-lacanienne-2010-2011-editions-de-la-martiniere-avril-2018","status":"publish","type":"post","link":"https:\/\/disparates.org\/lun\/2020\/02\/lun-tout-seul-lorientation-lacanienne-2010-2011-editions-de-la-martiniere-avril-2018\/","title":{"rendered":"L&rsquo;un-tout-seul, \u00c9ditions de La Martini\u00e8re, avril 2018"},"content":{"rendered":"\n<p class=\"has-drop-cap\">Ce livre donne les clefs de ce qu&rsquo;il est convenu d&rsquo;appeler le dernier enseignement de Lacan, qui d\u00e9routa tellement ses contemporains. Jacques-Alain Miller montre combien ce Lacan l\u00e0 annon\u00e7ait nos hypermodernes soci\u00e9t\u00e9s de plaisir. Si le Lacan classique (1950-1970) met en avant l&rsquo;ordre symbolique, la sexualit\u00e9, l&rsquo;amour et le d\u00e9sir, le dernier Lacan plus pragmatique explore l&rsquo;ordre du r\u00e9el et souligne l&rsquo;insistance de la jouissance. <strong>La grande diff\u00e9rence est que dans le premier cas, on est toujours deux et, dans le second, toujours seul. En effet, la jouissance de chacun n&rsquo;est compl\u00e9mentaire de celle de personne &#8211; elle se r\u00e9p\u00e8te ind\u00e9finiment depuis qu&rsquo;on l&rsquo;a rencontr\u00e9e une premi\u00e8re fois d&rsquo;une fa\u00e7on peu ou prou traumatique, et son mod\u00e8le en est l&rsquo;addiction. C&rsquo;est une esp\u00e8ce de drogue, mais bien plus vari\u00e9e que nos produits chimiques de synth\u00e8se puisqu&rsquo;elle varie selon chacun &#8211; tout le monde est ainsi addict \u00e0 quelque chose r\u00e9sultant de son existence-m\u00eame !<\/strong> J.-A. Miller refonde la distinction des registres de l&rsquo;\u00eatre et de l&rsquo;existence en donnant au signifiant une autre valeur &#8211; il n&rsquo;apporte plus au vivant le sens ou l&rsquo;\u00eatre, mais provoque une jouissance, en partie ineffa\u00e7able, que le sympt\u00f4me r\u00e9percute. Aussi, la psychanalyse ne s&rsquo;occupe pas seulement de ce dont on peut gu\u00e9rir, mais encore de ce qui ne nous quittera pas. A la question que l&rsquo;incurable pose pour chacun, il n&rsquo;y a de r\u00e9ponse que singuli\u00e8re. La trouver est ce que la psychanalyse permet \u00e0 ceux qui s&rsquo;y engagent. Elle n&rsquo;est donc pas strictement traitement, mais aussi et surtout mode de vie !<\/p>\n\n\n\n<p class=\"has-drop-cap\">Psychanalyste, fondateur de l&rsquo;Association mondiale de Psychanalyse, <strong>Jacques-Alain Miller<\/strong> r\u00e9dige le S\u00e9minaire de Lacan dont il fut l&rsquo;un des plus proches, depuis leur rencontre \u00e0 l&rsquo;Ecole normale sup\u00e9rieure, en 1964, \u00e0 la mort de Lacan en 1981. Il consacre son cours de l&rsquo;universit\u00e9 de Paris VIII intitul\u00e9 \u00ab\u00a0L&rsquo;orientation lacanienne\u00a0\u00bb \u00e0 \u00e9lucider et prolonger la pens\u00e9e de Lacan. L&rsquo;enseignant \u00e9tait aussi joyeux que s\u00e9rieux, ce livre est \u00e0 son diapason ! L&rsquo;Un-tout-seul est le premier volume de dix in\u00e9dits en France. <\/p>\n\n\n\n<p class=\"has-drop-cap\"><strong>Christiane Alberti<\/strong> : psychanalyste \u00e0 Toulouse, Vice-pr\u00e9sidente de l&rsquo;Ecole de la Cause freudienne (ECF) et de l&rsquo;Association mondiale de Psychanalyse (AMP), elle dirige les 44es journ\u00e9es de l&rsquo;ECF en novembre 2014 sur le th\u00e8me \u00ab\u00a0\u00eatre m\u00e8re\u00a0\u00bb et l&rsquo;ouvrage \u00e0 para\u00eetre \u00e0 cette occasion. <\/p>\n\n\n\n<p class=\"has-drop-cap\"><strong>Philippe Hellebois<\/strong> : psychanalyste en Belgique, membre de l&rsquo;ECF et de l&rsquo;AMP, enseignant \u00e0 la Section clinique de Bruxelles, il est aussi directeur th\u00e9rapeutique au Courtil. Auteur de Lacan, lecteur de Gide (Ed. Mich\u00e8le, 2011) et Histoires sal\u00e9es en psychanalyse (Navarin\/Le Champ freudien, 2013).<\/p>\n\n\n\n<p><a href=\"https:\/\/www.payot.ch\/Detail\/lun_tout_seul-jacques_alain_miller-9782732467276\">https:\/\/www.payot.ch\/Detail\/lun_tout_seul-jacques_alain_miller-9782732467276<\/a>&nbsp;(\u00e9puis\u00e9 \u00e0 ce jour) <\/p>\n","protected":false},"excerpt":{"rendered":"<p>Ce livre donne les clefs de ce qu&rsquo;il est convenu d&rsquo;appeler le dernier enseignement de Lacan, qui d\u00e9routa tellement ses contemporains. Jacques-Alain Miller montre combien ce Lacan l\u00e0 annon\u00e7ait nos hypermodernes soci\u00e9t\u00e9s de plaisir. Si le Lacan classique (1950-1970) met &hellip; <a href=\"https:\/\/disparates.org\/lun\/2020\/02\/lun-tout-seul-lorientation-lacanienne-2010-2011-editions-de-la-martiniere-avril-2018\/\">Continuer la lecture <span class=\"meta-nav\">&rarr;<\/span><\/a><\/p>\n","protected":false},"author":1,"featured_media":0,"comment_status":"closed","ping_status":"closed","sticky":false,"template":"","format":"aside","meta":{"spay_email":"","jetpack_publicize_message":"","jetpack_is_tweetstorm":false},"categories":[6],"tags":[],"jetpack_featured_media_url":"","jetpack_publicize_connections":[],"jetpack_shortlink":"https:\/\/wp.me\/p2zPSJ-LJ","jetpack_sharing_enabled":true,"jetpack-related-posts":[{"id":1379,"url":"https:\/\/disparates.org\/lun\/2011\/04\/cours-jam-6-avril-itineraire-iteration-lacan\/","url_meta":{"origin":2959,"position":0},"title":"X.  Itin\u00e9raire et it\u00e9ration de Lacan \/\/ imaginaire \u2192 symbolique  \u2192 r\u00e9el\u2013 6 avril","date":"8 avril 2011","format":false,"excerpt":"Nous terminons aujourd\u2019hui une premi\u00e8re p\u00e9riode de ce cours qui reprendra le premier mercredi du mois de mai. Voici longtemps que je lis Lacan et c\u2019est d\u2019ailleurs cette lecture qui m\u2019a conduit \u00e0 pratiquer la psychanalyse. D\u2019abord \u00e0 faire une cure, et ensuite, moi-m\u00eame, \u00e0 la pratiquer.\u00a0 Bien s\u00fbr il\u2026","rel":"","context":"Dans &quot;L'\u00eatre et l'Un&quot;","img":{"alt_text":"","src":"https:\/\/i0.wp.com\/disparates.org\/lun\/wp-content\/uploads\/2011\/04\/mandelpart3.jpg?resize=350%2C200&ssl=1","width":350,"height":200},"classes":[]},{"id":1619,"url":"https:\/\/disparates.org\/lun\/2011\/05\/lexistence-soit-ce-dont-seul-le-dire-est-temoin\/","url_meta":{"origin":2959,"position":1},"title":"\"l\u2019existence, soit ce dont seul le dire est t\u00e9moin\"","date":"17 mai 2011","format":"aside","excerpt":"Ceci, en compl\u00e9ment cours du 11 mai (un regard en arri\u00e8re) \"Lacan est m\u00eame all\u00e9 jusqu\u2019\u00e0 sugg\u00e9rer que c\u2019\u00e9tait la religion qui projetait sur la jouissance un interdit que Freud avait ent\u00e9rin\u00e9. Il allait aussi jusqu\u2019\u00e0 penser que la philosophie avait paniqu\u00e9 devant cette jouissance, et que paniquant devant cette\u2026","rel":"","context":"Dans &quot;Compl\u00e9ments de lecture&quot;","img":{"alt_text":"","src":"","width":0,"height":0},"classes":[]},{"id":1563,"url":"https:\/\/disparates.org\/lun\/2011\/05\/jacques-alain-miller-cours-du-11-mai\/","url_meta":{"origin":2959,"position":2},"title":"XII.  un regard en arri\u00e8re - 11 mai","date":"11 mai 2011","format":false,"excerpt":"Je ne veux pas aujourd'hui faire un pas en avant, mais plut\u00f4t regarder en arri\u00e8re pour situer le point o\u00f9 j'en suis. Le point o\u00f9 j\u2019en suis dans ce que je pense, sans doute. Ce que je pense aujourd'hui, au fond c\u2019est ceci : que j'ai \u00e9t\u00e9 form\u00e9 par l'enseignement\u2026","rel":"","context":"Dans &quot;L'\u00eatre et l'Un&quot;","img":{"alt_text":"","src":"","width":0,"height":0},"classes":[]},{"id":1844,"url":"https:\/\/disparates.org\/lun\/2011\/05\/14-cours-de-jacques-alain-miller-25-mai-2\/","url_meta":{"origin":2959,"position":3},"title":"XIV.   le point de capiton de Montpellier \/ tripartition de consistances cliniques - 25 mai","date":"25 mai 2011","format":false,"excerpt":"Ce n\u2019\u00e9tait pas ici que mon cours de cette ann\u00e9e a atteint, je crois son but, (\u00ab On n\u2019entend pas, on n\u2019entend pas, on n\u2019entend rien \u00bb) sa cible, son sommet ( - voil\u00e0, je vous donne 3 mots comme \u00e7a si vous en perdez un, ce n\u2019est pas trop\u2026","rel":"","context":"Dans &quot;L'\u00eatre et l'Un&quot;","img":{"alt_text":"","src":"https:\/\/i1.wp.com\/disparates.org\/lun\/wp-content\/uploads\/2011\/06\/export.jpg?resize=350%2C200&ssl=1","width":350,"height":200},"classes":[]},{"id":690,"url":"https:\/\/disparates.org\/lun\/2011\/02\/cours-de-jacques-alain-miller-du-9-fevrier-2011\/","url_meta":{"origin":2959,"position":4},"title":"IV. - 9 f\u00e9vrier 2011","date":"9 f\u00e9vrier 2011","format":false,"excerpt":"* PARTIE I \/ lire ce qui n\u2019est pas \u00e9crit, ce que l\u2019\u00e9crit \u00e9vite * PARTIE II \/ des dits-mensions (possibles) du fantasme * PARTIE III \/ de Saint Jean gratt\u00e9 au sinthome * PARTIE IV \/ Penisneid vs Str\u00e4uben, aspiration commune \u00e0 la virilit\u00e9, position de l\u2019analyste et aspiration\u2026","rel":"","context":"Dans &quot;L'\u00eatre et l'Un&quot;","img":{"alt_text":"","src":"https:\/\/i2.wp.com\/disparates.org\/lun\/wp-content\/uploads\/2011\/03\/leonard-de-vinci-saint-jean-baptiste.jpg?resize=350%2C200&ssl=1","width":350,"height":200},"classes":[]},{"id":1469,"url":"https:\/\/disparates.org\/lun\/2011\/03\/9-cours-jam-30-mars-11\/","url_meta":{"origin":2959,"position":5},"title":"IX.  Direction de la cure \/\/ de l'en-de\u00e7\u00e0 du refoul\u00e9 \u00e0 un au-del\u00e0 de la passe-  30 mars 2011","date":"30 mars 2011","format":false,"excerpt":"penser (dans) l'exp\u00e9rience analytique Il s\u2019agit ici du r\u00e9el dans l\u2019exp\u00e9rience analytique, dans la v\u00f4tre aussi bien, comme analysant et comme praticien. Et non pas seulement parce que du r\u00e9el, Lacan en a parl\u00e9 et que nous essayons, ici, depuis de longues ann\u00e9es, de le d\u00e9chiffrer. Car si du r\u00e9el\u2026","rel":"","context":"Dans &quot;L'\u00eatre et l'Un&quot;","img":{"alt_text":"","src":"https:\/\/i1.wp.com\/disparates.org\/lun\/wp-content\/uploads\/2011\/03\/cazotte.jpg?resize=350%2C200&ssl=1","width":350,"height":200},"classes":[]}],"_links":{"self":[{"href":"https:\/\/disparates.org\/lun\/wp-json\/wp\/v2\/posts\/2959"}],"collection":[{"href":"https:\/\/disparates.org\/lun\/wp-json\/wp\/v2\/posts"}],"about":[{"href":"https:\/\/disparates.org\/lun\/wp-json\/wp\/v2\/types\/post"}],"author":[{"embeddable":true,"href":"https:\/\/disparates.org\/lun\/wp-json\/wp\/v2\/users\/1"}],"replies":[{"embeddable":true,"href":"https:\/\/disparates.org\/lun\/wp-json\/wp\/v2\/comments?post=2959"}],"version-history":[{"count":3,"href":"https:\/\/disparates.org\/lun\/wp-json\/wp\/v2\/posts\/2959\/revisions"}],"predecessor-version":[{"id":2992,"href":"https:\/\/disparates.org\/lun\/wp-json\/wp\/v2\/posts\/2959\/revisions\/2992"}],"wp:attachment":[{"href":"https:\/\/disparates.org\/lun\/wp-json\/wp\/v2\/media?parent=2959"}],"wp:term":[{"taxonomy":"category","embeddable":true,"href":"https:\/\/disparates.org\/lun\/wp-json\/wp\/v2\/categories?post=2959"},{"taxonomy":"post_tag","embeddable":true,"href":"https:\/\/disparates.org\/lun\/wp-json\/wp\/v2\/tags?post=2959"}],"curies":[{"name":"wp","href":"https:\/\/api.w.org\/{rel}","templated":true}]}}