{"id":780,"date":"2011-03-10T13:10:59","date_gmt":"2011-03-10T12:10:59","guid":{"rendered":"http:\/\/empreintesdigitales.wordpress.com\/?p=780"},"modified":"2021-06-13T18:44:09","modified_gmt":"2021-06-13T16:44:09","slug":"le-mathematicien","status":"publish","type":"post","link":"https:\/\/disparates.org\/lun\/2011\/03\/le-mathematicien\/","title":{"rendered":"Alain, Esquisse de l&rsquo;homme, 1927, \u00ab\u00a0Le math\u00e9maticien\u00a0\u00bb,  24 juin 1924"},"content":{"rendered":"<p>[ Ce texte d&rsquo;Alain, \u00ab\u00a0le math\u00e9maticien\u00a0\u00bb,\u00a0 vient en compl\u00e9ment de lecture du <a title=\"6\u00b0 COURS DE JACQUES-ALAIN MILLER \u2013 9 mars 2011 \/ De l\u2019ontologie \u00e0 l\u2019ontique (en cours de\u00a0frappe)\" href=\"https:\/\/disparates.org\/lun\/2011\/03\/jam-9-mars-2011-de-l-ontologie-a-lontique\/\">cours de jacques-alain miller du 9.3..2011<\/a>.]<\/p>\n<blockquote>\n<p><strong>Le math\u00e9maticien est prol\u00e9taire par un c\u00f4t\u00e9. <\/strong>Qu&rsquo;est-ce qu&rsquo;un prol\u00e9taire? C&rsquo;est un homme qui ne peut m\u00eame point essayer de la politesse, ni de la flatterie, ni du mensonge dans le genre de travail qu&rsquo;il fait. Les choses n&rsquo;ont point \u00e9gard et ne veulent point \u00e9gard. D&rsquo;o\u00f9 cet \u0153il qui cherche passage pour l&rsquo;outil. Toutefois il n&rsquo;existe point de prol\u00e9taire parfait; autant que le prol\u00e9taire doit persuader, il est bourgeois ; que cet autre esprit et cette autre ruse se d\u00e9veloppent dans les chefs, et par tous les genres de politique, cela est in\u00e9vitable et il ne faut point s&rsquo;en \u00e9tonner. Un chirurgien est prol\u00e9taire par l&rsquo;action, et bourgeois par la parole. Il se trouve entre deux, et le m\u00e9decin est \u00e0 sa droite. Le plus bourgeois des bourgeois est le pr\u00eatre, parce que son travail est de persuader, sans consid\u00e9rer jamais aucune chose. L&rsquo;avocat n&rsquo;est pas loin du pr\u00eatre, <strong>parce que ce sont les passions, et non point les choses, qui nourrissent les proc\u00e8s<\/strong>.<\/p>\n<p><!--more-->O\u00f9 placerai-je le physicien ? Malgr\u00e9 l&rsquo;apparence d&rsquo;ouvrier qu&rsquo;il se donne, je le pousserais un peu du c\u00f4t\u00e9 des bourgeois, car je le vois persuadant et plaidant. Pourquoi ? C&rsquo;est qu&rsquo;il ne s&rsquo;en tient pas \u00e0 la chose ; il invente, il suppose, il relie ; or il y a plus d&rsquo;une mani\u00e8re d&rsquo;inventer, de supposer, de\u00a0 relier ; la dispute n&rsquo;est pas loin ; il faut plaider. J&rsquo;avoue aussi que l&rsquo;exp\u00e9rience le ram\u00e8ne. Pourtant, sous ce rapport, le chimiste est plus pr\u00e8s du prol\u00e9taire que le physicien, par cette cuisine sans flatterie qui est son m\u00e9tier. N\u00e9anmoins l&rsquo;objet n&rsquo;est pas encore assez nu pour qu&rsquo;un peu d&rsquo;\u00e9loquence ne s&rsquo;y puisse employer. <strong>Th\u00e9ories sont filles de rh\u00e9torique.<\/strong><\/p>\n<p>Bon. Mais le math\u00e9maticien se trouve alors dans la th\u00e9orie pure, et plaideur plus que personne ? On sent bien que non, et m\u00eame on voit pourquoi non. <strong>Le math\u00e9maticien ne pense jamais sans objet. Je dis bien plus ; je dis que c&rsquo;est le seul homme qui pense un objet tout nu.<\/strong> D\u00e9fini, construit, que ce soit figure trac\u00e9e ou expression alg\u00e9brique. Il n&rsquo;en est pas moins vrai qu&rsquo;une fois cet objet propos\u00e9, il n&rsquo;y a aucune esp\u00e9rance de le vaincre, j&rsquo;entends le fondre, le dissoudre, le changer, s&rsquo;en rendre ma\u00eetre enfin, par un autre moyen que la droite et exacte connaissance et le maniement correct qui en r\u00e9sulte. Le d\u00e9sir, la pri\u00e8re, la folle esp\u00e9rance y peuvent encore moins que dans le travail sur les choses m\u00eames, o\u00f9 il se rencontre bien plus qu&rsquo;on ne sait, et enfin une heureuse chance qui peut faire succ\u00e8s de col\u00e8re. Un coup d\u00e9sesp\u00e9r\u00e9 peut rompre la pierre. L&rsquo;objet du math\u00e9maticien offre un autre genre de r\u00e9sistance, inflexible, mais par consentement et je dirais m\u00eame par serment. C&rsquo;est alors que se montre la n\u00e9cessit\u00e9 ext\u00e9rieure, qui offre prise. <strong>Le math\u00e9maticien est de tous les hommes celui qui sait le mieux ce qu&rsquo;il fait.<\/strong><\/p>\n<p>On dit souvent que ce genre de travail sur probl\u00e8mes abstraits fausse l&rsquo;esprit. Je n&rsquo;en crois rien. <strong>Assur\u00e9ment il y a danger et passions partout ;<\/strong> mais je ne crois pas que le vrai math\u00e9maticien risque d&rsquo;oublier jamais la nature des choses ; il en est bien plus pr\u00e8s qu&rsquo;on ne croit ; quelque d\u00e9tour qu&rsquo;il fasse, il y va toujours, et port\u00e9 par l&rsquo;exp\u00e9rience la plus constante et la plus commune. Il faut donc relever le jugement traditionnel sur l&rsquo;esprit g\u00e9om\u00e9trique. Car, oui, il n&rsquo;a point de finesse, mais \u00e0 l&rsquo;oppos\u00e9, que vois-je sous le drapeau de la finesse tant vant\u00e9e ? De, vieux acteurs. Des flatteurs tristes. Des hommes qui parent leurs id\u00e9es comme des mannequins de couturier, toujours l\u2019oeil sur l&rsquo;acheteur, toujours se demandant : \u00ab Cela plaira-t-il ? \u00bb Courage, conscience, probit\u00e9, travail, je mets tout \u00e9gal. Il reste quelque chose en l&rsquo;un de net et de pur, que l&rsquo;autre a perdu.<strong> Oui, il y a dans le math\u00e9maticien quelque chose qui est comme le mod\u00e8le du prol\u00e9taire, quelque chose d&rsquo;incorruptible qui \u00e9tonne l&rsquo;esprit de finesse. <\/strong>Il faut bien de la finesse pour construire la soci\u00e9t\u00e9 productrice comme elle est ; le rentier vit de finesse. La r\u00e9volution est donc math\u00e9maticienne ; on le constate ; il n&rsquo;est pas mauvais de le comprendre, et de joindre en Platon l&rsquo;id\u00e9e abstraite avec la r\u00eaverie socialiste.<\/p>\n<p>Alain, 24 juin 1924.<\/p>\n<\/blockquote>\n<p>SOURCE : <a title=\"Vers l&#039;\u00e9dition \u00e9lectronique \" href=\"http:\/\/classiques.uqac.ca\/classiques\/Alain\/esquisses_de_lhomme\/esquisses_de_lhomme.html\" target=\"_blank\" rel=\"noopener\" class=\"broken_link\">Une \u00e9dition \u00e9lectronique r\u00e9alis\u00e9e \u00e0 partir du livre d&rsquo;Alain (\u00c9mile Chartier) (1868-1951), Esquisses de l&rsquo;homme (1927). Paris: \u00c9ditions Gallimard, 1938, 4e \u00e9dition, 1938, 288 pages. Une \u00e9dition r\u00e9alis\u00e9e par Marcelle Bergeron, b\u00e9n\u00e9vole, professeure \u00e0 la retraite de la Polyvalente Dominique-Racine de Chicoutimi au Qu\u00e9bec.<\/a><\/p>\n","protected":false},"excerpt":{"rendered":"<p>[ Ce texte d&rsquo;Alain, \u00ab\u00a0le math\u00e9maticien\u00a0\u00bb,\u00a0 vient en compl\u00e9ment de lecture du cours de jacques-alain miller du 9.3..2011.] Le math\u00e9maticien est prol\u00e9taire par un c\u00f4t\u00e9. Qu&rsquo;est-ce qu&rsquo;un prol\u00e9taire? C&rsquo;est un homme qui ne peut m\u00eame point essayer de la politesse, &hellip; <a href=\"https:\/\/disparates.org\/lun\/2011\/03\/le-mathematicien\/\">Continuer la lecture <span class=\"meta-nav\">&rarr;<\/span><\/a><\/p>\n","protected":false},"author":1,"featured_media":0,"comment_status":"closed","ping_status":"closed","sticky":false,"template":"","format":"aside","meta":{"spay_email":"","jetpack_publicize_message":"Le math\u00e9maticien: http:\/\/wp.me\/pULXi-cA","jetpack_is_tweetstorm":false},"categories":[6],"tags":[13,67,123,135,137,138,141,152],"jetpack_featured_media_url":"","jetpack_publicize_connections":[],"jetpack_shortlink":"https:\/\/wp.me\/p2zPSJ-cA","jetpack_sharing_enabled":true,"jetpack-related-posts":[{"id":764,"url":"https:\/\/disparates.org\/lun\/2011\/03\/jam-9-mars-2011-de-l-ontologie-a-lontique\/","url_meta":{"origin":780,"position":0},"title":"VI. De l\u2019ontologie \u00e0 l\u2019ontique \u2013 9 mars 2011","date":"9 mars 2011","format":false,"excerpt":"Bon. Aujourd\u2019hui, je vais solder un vieux compte que j\u2019ai avec Lacan depuis mes 20 ans. Quelque chose m\u2019avait produit un certain d\u00e9plaisir jadis, que je n\u2019avais eu l\u2019occasion d\u2019aborder avec lui. M\u2019enfin, c\u2019est rest\u00e9 et \u00e7a s\u2019inscrit bien dans ce que je trace cette ann\u00e9e. \u00c7a remonte \u00e0 un\u2026","rel":"","context":"Dans &quot;L'\u00eatre et l'Un&quot;","img":{"alt_text":"","src":"https:\/\/i2.wp.com\/disparates.org\/lun\/wp-content\/uploads\/2011\/02\/3-graphe-jouissance-castration1.gif?resize=350%2C200&ssl=1","width":350,"height":200},"classes":[]},{"id":2238,"url":"https:\/\/disparates.org\/lun\/2011\/08\/lire-un-symptome\/","url_meta":{"origin":780,"position":1},"title":"Lire un sympt\u00f4me","date":"1 ao\u00fbt 2011","format":"quote","excerpt":"Je soutiendrais volontiers que le bien dire dans la psychanalyse n'est rien sans le savoir lire, que le bien dire propre \u00e0 la psychanalyse se fonde sur le savoir lire. Si l'on s'en tient au bien dire, on n\u2019atteint que la moiti\u00e9 de ce dont il s'agit. Bien dire et\u2026","rel":"","context":"Dans &quot;Compl\u00e9ments de lecture&quot;","img":{"alt_text":"","src":"https:\/\/i1.wp.com\/disparates.org\/lun\/wp-content\/uploads\/2011\/08\/photo_jam2.jpg?resize=350%2C200&ssl=1","width":350,"height":200},"classes":[]},{"id":114,"url":"https:\/\/disparates.org\/lun\/2011\/02\/le-scheme-kantien-selon-deleuze\/","url_meta":{"origin":780,"position":2},"title":"le sch\u00e8me kantien selon Deleuze","date":"8 f\u00e9vrier 2011","format":"aside","excerpt":"[ Compl\u00e9ment de lecture du\u00a0 cours de jacques-alain miller du 2 f\u00e9vrier 2011] Source : Sur le site Webdeleuze : DELEUZE \/ KANT - Cours \u00e0 Vincennes - 04\/04\/1978 [...] Le centre de tout ce que je voudrais dire aujourd'hui c'est exactement ceci : si on s'en tient \u00e0 la\u2026","rel":"","context":"Dans &quot;Compl\u00e9ments de lecture&quot;","img":{"alt_text":"","src":"","width":0,"height":0},"classes":[]},{"id":2317,"url":"https:\/\/disparates.org\/lun\/2011\/08\/les-propheties-de-lacan-par-jacques-alain-miller\/","url_meta":{"origin":780,"position":3},"title":"Les proph\u00e9ties de Lacan, par Jacques-Alain Miller","date":"18 ao\u00fbt 2011","format":"aside","excerpt":"Article paru dans Le Point du 18 ao\u00fbt 2011. Propos recueillis par Christophe Labb\u00e9 et Olivia Recasens \u00c9clairant. Ce que Lacan aurait dit sur notre \u00e9poque, par son gendre et l\u00e9gataire intellectuel, le psychanalyste Jacques-Alain Miller.","rel":"","context":"Dans &quot;Compl\u00e9ments de lecture&quot;","img":{"alt_text":"","src":"","width":0,"height":0},"classes":[]},{"id":1220,"url":"https:\/\/disparates.org\/lun\/2011\/03\/8-cours-jam-23-mars-2011\/","url_meta":{"origin":780,"position":4},"title":"VIII. \u2013 23 mars 2011","date":"25 mars 2011","format":false,"excerpt":"D\u00e9nivellation de l\u2019\u00eatre et de l\u2019existence J\u2019ai eu depuis la derni\u00e8re fois quelques t\u00e9moignages, trop nombreux pour que je puisse y r\u00e9pondre et je m'en excuse, t\u00e9moignant de ce que un pas a \u00e9t\u00e9 franchi la derni\u00e8re fois dans - pour ne pas dire \"la compr\u00e9hension\" - ce dont il\u2026","rel":"","context":"Dans &quot;L'\u00eatre et l'Un&quot;","img":{"alt_text":"","src":"https:\/\/i0.wp.com\/disparates.org\/lun\/wp-content\/uploads\/2011\/03\/tigre03.jpg?resize=350%2C200&ssl=1","width":350,"height":200},"classes":[]},{"id":1138,"url":"https:\/\/disparates.org\/lun\/2011\/03\/jacques-alain-miller-la-suture-elements-de-logique-du-signifiant\/","url_meta":{"origin":780,"position":5},"title":"Jacques-Alain Miller - La suture (El\u00e9ments de logique du signifiant)","date":"23 mars 2011","format":"aside","excerpt":"JACQUES-ALAIN MILLER L A \u00a0\u00a0 S U T U R E (\u00c9L\u00c9MENTS DE LA LOGIQUE DU SIGNIFIANT) Cahiers pour l'analyse 1\/2 - La v\u00e9rit\u00e9 - 1972 Repris d'un expos\u00e9 prononc\u00e9 le 24 f\u00e9vrier 1965 au\u00a0 s\u00e9minaire du docteur J. Lacan. Il n'a pas le droit de se m\u00ealer de psychanalyse\u2026","rel":"","context":"Dans &quot;Compl\u00e9ments de lecture&quot;","img":{"alt_text":"","src":"https:\/\/i2.wp.com\/disparates.org\/lun\/wp-content\/uploads\/2011\/03\/img_00041-150x150.jpg?resize=350%2C200&ssl=1","width":350,"height":200},"classes":[]}],"_links":{"self":[{"href":"https:\/\/disparates.org\/lun\/wp-json\/wp\/v2\/posts\/780"}],"collection":[{"href":"https:\/\/disparates.org\/lun\/wp-json\/wp\/v2\/posts"}],"about":[{"href":"https:\/\/disparates.org\/lun\/wp-json\/wp\/v2\/types\/post"}],"author":[{"embeddable":true,"href":"https:\/\/disparates.org\/lun\/wp-json\/wp\/v2\/users\/1"}],"replies":[{"embeddable":true,"href":"https:\/\/disparates.org\/lun\/wp-json\/wp\/v2\/comments?post=780"}],"version-history":[{"count":1,"href":"https:\/\/disparates.org\/lun\/wp-json\/wp\/v2\/posts\/780\/revisions"}],"predecessor-version":[{"id":3005,"href":"https:\/\/disparates.org\/lun\/wp-json\/wp\/v2\/posts\/780\/revisions\/3005"}],"wp:attachment":[{"href":"https:\/\/disparates.org\/lun\/wp-json\/wp\/v2\/media?parent=780"}],"wp:term":[{"taxonomy":"category","embeddable":true,"href":"https:\/\/disparates.org\/lun\/wp-json\/wp\/v2\/categories?post=780"},{"taxonomy":"post_tag","embeddable":true,"href":"https:\/\/disparates.org\/lun\/wp-json\/wp\/v2\/tags?post=780"}],"curies":[{"name":"wp","href":"https:\/\/api.w.org\/{rel}","templated":true}]}}