{"id":93,"date":"2011-02-07T14:52:27","date_gmt":"2011-02-07T12:52:27","guid":{"rendered":"http:\/\/empreintesdigitales.wordpress.com\/?p=93"},"modified":"2012-07-05T22:48:22","modified_gmt":"2012-07-05T20:48:22","slug":"lacan-seminaire-ix-extrait-le-point-detranglement-28-fevrier-1962","status":"publish","type":"post","link":"https:\/\/disparates.org\/lun\/2011\/02\/lacan-seminaire-ix-extrait-le-point-detranglement-28-fevrier-1962\/","title":{"rendered":"Lacan, S\u00e9minaire IX, 28 f\u00e9vrier 1962, extrait 2 &#8211; le point d&rsquo;\u00e9tranglement"},"content":{"rendered":"<p>[ Compl\u00e9ment de lecture du\u00a0<a title=\"cours de jacques-alain miller du 2 f\u00e9vrier\u00a02011\" href=\"https:\/\/disparates.org\/lun\/2011\/02\/cours-de-jacques-alain-miller-du-2-fevrier-2011\/\"> cours de jacques-alain miller du 2 f\u00e9vrier 2011]<\/a><\/p>\n<p>Aussi bien, m\u00eame avec cette affirmation que rien n&rsquo;est f\u00e9cond sinon le <span style=\"color:#ff9900;\"><strong>jugement synth\u00e9tique<\/strong><\/span>, peut-il encore apr\u00e8s tout l&rsquo;effort de logicisation de la math\u00e9matique, \u00eatre consid\u00e9r\u00e9 comme sujet \u00e0 raison. La pr\u00e9tendue inf\u00e9condit\u00e9 du <strong><span style=\"color:#ff9900;\">jugement analytique <em>a priori<\/em><\/span><\/strong>, \u00e0 savoir de ce que nous appellerons tout simplement<strong> l&rsquo;usage purement combinatoire <\/strong>d&rsquo;\u00e9l\u00e9ments extraits de la position premi\u00e8re d&rsquo;un certain nombre de d\u00e9finitions, que cet usage combinatoire ait en soi <strong>une f\u00e9condit\u00e9 propre<\/strong>, c&rsquo;est ce que l<strong>a critique la plus r\u00e9cente, la plus pouss\u00e9e, des fondements de l&rsquo;arithm\u00e9tique, par exemple, peut assur\u00e9ment d\u00e9montrer<\/strong>. Qu&rsquo;il y ait au dernier terme, dans le champ de la cr\u00e9ation math\u00e9matique, <strong>un r\u00e9sidu obligatoirement ind\u00e9montrable<\/strong>, c&rsquo;est ce \u00e0 quoi sans doute la m\u00eame exploration logicisante semble nous avoir conduits (le th\u00e9or\u00e8me de G\u00f6del) avec une rigueur jusqu&rsquo;ici irr\u00e9fut\u00e9e, mais il n&rsquo;en reste pas moins que c&rsquo;est par la voie de l<strong>a d\u00e9monstration formelle que cette certitude peut \u00eatre acquise<\/strong> et, quand je dis formelle, j&rsquo;entends <strong>par les proc\u00e9d\u00e9s les plus express\u00e9ment formalistes de la combinatoire logicisante.<\/strong><\/p>\n<p>Qu&rsquo;est-ce \u00e0 dire ? <strong><span style=\"color:#993300;\">Est-ce pour autant que cette intuition pure<\/span>, <\/strong>telle que pour Kant aux termes d&rsquo;un progr\u00e8s critique concernant les formes exigibles de la science, que cette intuition pure <strong><span style=\"color:#993300;\">ne nous enseigne rien<\/span> ?<\/strong> Elle nous enseigne assur\u00e9ment de discerner <span style=\"color:#993300;\"><strong>sa coh\u00e9rence<\/strong><\/span> et aussi <strong><span style=\"color:#993300;\">sa disjonction possible de l&rsquo;exercice justement synth\u00e9tique de la fonction unifiante <\/span>du terme de l&rsquo;unit\u00e9 en tant que constituante dans toute formation cat\u00e9gorielle<\/strong> et, les <span style=\"color:#993300;\">ambigu\u00eft\u00e9s \u00e9tant une fois montr\u00e9es de cette<strong> fonction de l&rsquo;unit\u00e9<\/strong><\/span>, de nous montrer \u00e0 quel choix, \u00e0 quel renversement nous sommes conduits sous la sollicitation de diverses exp\u00e9riences.<\/p>\n<p>La n\u00f4tre ici \u00e9videmment seule nous importe. Mais n&rsquo;est-il pas plus significatif que d&rsquo;anecdotes, d&rsquo;accidents, voire exploits, au point pr\u00e9cis o\u00f9 on peut faire remarquer <strong>la minceur du point de conjonction entre le fonctionnement cat\u00e9goriel et l&rsquo;exp\u00e9rience sensible dans Kant, le point d&rsquo;\u00e9tranglement,<\/strong> si je puis dire, o\u00f9 peut \u00eatre soulev\u00e9e<strong> la question si l&rsquo;existence d&rsquo;un corps<\/strong>, bien s\u00fbr tout \u00e0 fait <strong>exigible<\/strong>, en fait <strong>ne pourrait pas \u00eatre mise en cause dans la perspective kantienne<\/strong>. Qu&rsquo;en fait qu&rsquo;elle soit <strong>exig\u00e9e en droit,<\/strong> est-ce que quelque chose n&rsquo;est point fait ?<\/p>\n","protected":false},"excerpt":{"rendered":"<p>[ Compl\u00e9ment de lecture du\u00a0 cours de jacques-alain miller du 2 f\u00e9vrier 2011] Aussi bien, m\u00eame avec cette affirmation que rien n&rsquo;est f\u00e9cond sinon le jugement synth\u00e9tique, peut-il encore apr\u00e8s tout l&rsquo;effort de logicisation de la math\u00e9matique, \u00eatre consid\u00e9r\u00e9 comme &hellip; <a href=\"https:\/\/disparates.org\/lun\/2011\/02\/lacan-seminaire-ix-extrait-le-point-detranglement-28-fevrier-1962\/\">Continuer la lecture <span class=\"meta-nav\">&rarr;<\/span><\/a><\/p>\n","protected":false},"author":1,"featured_media":0,"comment_status":"open","ping_status":"open","sticky":false,"template":"","format":"aside","meta":{"spay_email":"","jetpack_publicize_message":"#cjam Lacan, S\u00e9minaire IX, extrait - le point d'\u00e9tranglement (28 f\u00e9vrier 1962): http:\/\/wp.me\/pULXi-1v","jetpack_is_tweetstorm":false},"categories":[6,236],"tags":[39,85,92,93,103,104,116,124,149,201],"jetpack_featured_media_url":"","jetpack_publicize_connections":[],"jetpack_shortlink":"https:\/\/wp.me\/p2zPSJ-1v","jetpack_sharing_enabled":true,"jetpack-related-posts":[{"id":194,"url":"https:\/\/disparates.org\/lun\/2011\/02\/note\/","url_meta":{"origin":93,"position":0},"title":"Lacan, l'\u00c9tourdit, Extrait - la \"r\u00e9f\u00e9rence\"","date":"10 f\u00e9vrier 2011","format":"aside","excerpt":"[ Compl\u00e9ment de lecture du\u00a0 cours de jacques-alain miller du 2 f\u00e9vrier 2011] bon, j'ai \u00e9clairci cet extrait du cours de jam du texte exact de lacan, que j'ai un peu honte d'avouer n'avoir lu qu'hier, c'\u00e9tait n\u00e9cessaire... (la \"r\u00e9f\u00e9rence\" de l'\u00c9tourdit) \"Ce d\u00e9veloppement est \u00e0 prendre comme la r\u00e9f\u00e9rence\u2026","rel":"","context":"Dans &quot;Compl\u00e9ments de lecture&quot;","img":{"alt_text":"","src":"","width":0,"height":0},"classes":[]},{"id":141,"url":"https:\/\/disparates.org\/lun\/2011\/02\/scheme-et-fantasme-schema\/","url_meta":{"origin":93,"position":1},"title":"sch\u00e8me et fantasme (sch\u00e9ma) du cours de miller + citations lacan et deleuze","date":"8 f\u00e9vrier 2011","format":"aside","excerpt":"Sch\u00e9ma (modifi\u00e9) du cours de jacques-Alain Miller du 2.2 sensibilit\u00e9 (Sinnlichkeit) entendement ce qui rel\u00e8ve de la sensation \/ intuition . met en jeu la facult\u00e9, le pouvoir des concepts par lequel on peut conceptualiser ce qui vient de l'intuition . appartient \u00e0 la spontan\u00e9it\u00e9 du sujet \/ la spontan\u00e9it\u00e9,\u2026","rel":"","context":"Dans &quot;Compl\u00e9ments de lecture&quot;","img":{"alt_text":"","src":"","width":0,"height":0},"classes":[]},{"id":1469,"url":"https:\/\/disparates.org\/lun\/2011\/03\/9-cours-jam-30-mars-11\/","url_meta":{"origin":93,"position":2},"title":"IX.  Direction de la cure \/\/ de l'en-de\u00e7\u00e0 du refoul\u00e9 \u00e0 un au-del\u00e0 de la passe-  30 mars 2011","date":"30 mars 2011","format":false,"excerpt":"penser (dans) l'exp\u00e9rience analytique Il s\u2019agit ici du r\u00e9el dans l\u2019exp\u00e9rience analytique, dans la v\u00f4tre aussi bien, comme analysant et comme praticien. Et non pas seulement parce que du r\u00e9el, Lacan en a parl\u00e9 et que nous essayons, ici, depuis de longues ann\u00e9es, de le d\u00e9chiffrer. Car si du r\u00e9el\u2026","rel":"","context":"Dans &quot;L'\u00eatre et l'Un&quot;","img":{"alt_text":"","src":"https:\/\/i1.wp.com\/disparates.org\/lun\/wp-content\/uploads\/2011\/03\/cazotte.jpg?resize=350%2C200&ssl=1","width":350,"height":200},"classes":[]},{"id":702,"url":"https:\/\/disparates.org\/lun\/2011\/02\/cours-de-jacques-alain-miller-du-2-fevrier-2011\/","url_meta":{"origin":93,"position":3},"title":"III. L'exp\u00e9rience analytique et ses effets  - 2 f\u00e9vrier 2011","date":"7 f\u00e9vrier 2011","format":false,"excerpt":"PARTIE I \/ cure - exp\u00e9rience \/ gu\u00e9rison - formation \/ fantasme-\u00e9cran - fantasme-fen\u00eatre --- PARTIE II \/ Des effets \u00e9pist\u00e9miques de la travers\u00e9e et au-del\u00e0 --- PARTIE III \/ Les amphibologies du r\u00e9el --- PARTIE IV \/ Le sch\u00e8me et le fantasme","rel":"","context":"Dans &quot;L'\u00eatre et l'Un&quot;","img":{"alt_text":"","src":"","width":0,"height":0},"classes":[]},{"id":2099,"url":"https:\/\/disparates.org\/lun\/2011\/06\/jam-15-juin\/","url_meta":{"origin":93,"position":4},"title":"XV. post-scriptum \/ les usages lacaniens de l'ontologie - 15 juin 2011","date":"15 juin 2011","format":false,"excerpt":"Comme je vous l\u2019ai indiqu\u00e9 la derni\u00e8re fois, le cours que je vous ai dispens\u00e9 cette ann\u00e9e est en fait boucl\u00e9. Il a trouv\u00e9 son point de capiton, non pas ici mais \u00e0 Montpellier, lors d'une journ\u00e9e d\u2019\u00e9tude qui \u00e9tait consacr\u00e9e au Livre 23 du S\u00e9minaire Le Sinthome. Vous aurez\u2026","rel":"","context":"Dans &quot;L'\u00eatre et l'Un&quot;","img":{"alt_text":"Debout de gauche \u00e0 droite: J. Lacan, C\u00e9cile Eluard, P. Reverdy, Louise Leiris, Picasso, Zanie de Campan, Valentine Hugo, Simone de Beauvoir, Brassa\u00ef. Assis de gauche \u00e0 droite: Sartre, Camus, Michel Leiris, Jean Aubier.","src":"https:\/\/i2.wp.com\/disparates.org\/lun\/wp-content\/uploads\/2011\/07\/sartre_camus_reverdy_lacan_picasso_brassai_max.jpg?resize=350%2C200&ssl=1","width":350,"height":200},"classes":[]},{"id":874,"url":"https:\/\/disparates.org\/lun\/2011\/03\/encore-p-85-86\/","url_meta":{"origin":93,"position":5},"title":"Lacan, Encore, \"Le savoir et la v\u00e9rit\u00e9\" (10 avril 1973), Extrait, p. 85, 86","date":"11 mars 2011","format":"aside","excerpt":"Cet extrait de Encore vient ici en compl\u00e9ment de mes notes du 6\u00b0 cours de Miller , \"quand Lacan baisse les bras s'agissant de l'objet a\" : \"Autre chose encore nous ligote quant \u00e0 ce qu'il en est de la v\u00e9rit\u00e9, c'est que la jouissance est une limite. Cela tient\u2026","rel":"","context":"Dans &quot;Compl\u00e9ments de lecture&quot;","img":{"alt_text":"","src":"","width":0,"height":0},"classes":[]}],"_links":{"self":[{"href":"https:\/\/disparates.org\/lun\/wp-json\/wp\/v2\/posts\/93"}],"collection":[{"href":"https:\/\/disparates.org\/lun\/wp-json\/wp\/v2\/posts"}],"about":[{"href":"https:\/\/disparates.org\/lun\/wp-json\/wp\/v2\/types\/post"}],"author":[{"embeddable":true,"href":"https:\/\/disparates.org\/lun\/wp-json\/wp\/v2\/users\/1"}],"replies":[{"embeddable":true,"href":"https:\/\/disparates.org\/lun\/wp-json\/wp\/v2\/comments?post=93"}],"version-history":[{"count":0,"href":"https:\/\/disparates.org\/lun\/wp-json\/wp\/v2\/posts\/93\/revisions"}],"wp:attachment":[{"href":"https:\/\/disparates.org\/lun\/wp-json\/wp\/v2\/media?parent=93"}],"wp:term":[{"taxonomy":"category","embeddable":true,"href":"https:\/\/disparates.org\/lun\/wp-json\/wp\/v2\/categories?post=93"},{"taxonomy":"post_tag","embeddable":true,"href":"https:\/\/disparates.org\/lun\/wp-json\/wp\/v2\/tags?post=93"}],"curies":[{"name":"wp","href":"https:\/\/api.w.org\/{rel}","templated":true}]}}